{"id":2153,"date":"2022-11-06T21:34:01","date_gmt":"2022-11-06T20:34:01","guid":{"rendered":"https:\/\/liceum-glucholazy.pl\/?p=2153"},"modified":"2022-11-06T21:34:01","modified_gmt":"2022-11-06T20:34:01","slug":"wybory-do-samorzadu-uczniowskiego","status":"publish","type":"post","link":"https:\/\/liceum-glucholazy.pl\/index.php\/2022\/11\/06\/wybory-do-samorzadu-uczniowskiego\/","title":{"rendered":"Wybory do Samorz\u0105du Uczniowskiego"},"content":{"rendered":"<p>Pierwsze tygodnie nowego roku szkolnego to czas organizacji \u017cycia ca\u0142ej spo\u0142eczno\u015bci. Liczne spotkania, planowanie pracy, wybory do r\u00f3\u017cnych struktur. Dotyczy to wszystkich &#8211; kadry, rodzic\u00f3w i uczni\u00f3w.\u00a0<\/p>\n\n\n<!--nextpage-->\n\n\n<p>Pierwsze tygodnie nowego roku szkolnego to czas organizacji \u017cycia ca\u0142ej spo\u0142eczno\u015bci. Liczne spotkania, planowanie pracy, wybory do r\u00f3\u017cnych struktur. Dotyczy to wszystkich &#8211; kadry, rodzic\u00f3w i uczni\u00f3w. Nowemu Samorz\u0105dowi Uczniowskiemu przewodz\u0105 w tym roku Marcel (klasa maturalna) i Jennifer (pierwszak). \u017byczymy Wam zrealizowania wszystkich pomys\u0142\u00f3w, kt\u00f3re przedstawiali\u015bcie w kampanii wyborczej. Jennifer gratulujemy r\u00f3wnie\u017c funkcji wiceprzewodnicz\u0105cej M\u0142odzie\u017cowej Rady Miejskiej w G\u0142ucho\u0142azach.<\/p>\n\n\n<figure class=\"wp-block-gallery has-nested-images columns-default is-cropped wp-block-gallery-1 is-layout-flex wp-block-gallery-is-layout-flex\">\n<figure class=\"wp-block-image size-large\"><img loading=\"lazy\" decoding=\"async\" width=\"1024\" height=\"768\" data-id=\"2155\" src=\"https:\/\/liceum-glucholazy.pl\/wp-content\/uploads\/2022\/11\/311707033_593079532614345_293444991392790271_n-1024x768.jpg\" alt=\"\" class=\"wp-image-2155\" srcset=\"https:\/\/liceum-glucholazy.pl\/wp-content\/uploads\/2022\/11\/311707033_593079532614345_293444991392790271_n-1024x768.jpg 1024w, https:\/\/liceum-glucholazy.pl\/wp-content\/uploads\/2022\/11\/311707033_593079532614345_293444991392790271_n-300x225.jpg 300w, https:\/\/liceum-glucholazy.pl\/wp-content\/uploads\/2022\/11\/311707033_593079532614345_293444991392790271_n-768x576.jpg 768w, https:\/\/liceum-glucholazy.pl\/wp-content\/uploads\/2022\/11\/311707033_593079532614345_293444991392790271_n-1536x1152.jpg 1536w, https:\/\/liceum-glucholazy.pl\/wp-content\/uploads\/2022\/11\/311707033_593079532614345_293444991392790271_n.jpg 2048w\" sizes=\"auto, (max-width: 1024px) 100vw, 1024px\" \/><\/figure>\n\n\n\n<figure class=\"wp-block-image size-large\"><img loading=\"lazy\" decoding=\"async\" width=\"1024\" height=\"768\" data-id=\"2154\" src=\"https:\/\/liceum-glucholazy.pl\/wp-content\/uploads\/2022\/11\/311602322_593079522614346_132254825087779818_n-1024x768.jpg\" alt=\"\" class=\"wp-image-2154\" srcset=\"https:\/\/liceum-glucholazy.pl\/wp-content\/uploads\/2022\/11\/311602322_593079522614346_132254825087779818_n-1024x768.jpg 1024w, https:\/\/liceum-glucholazy.pl\/wp-content\/uploads\/2022\/11\/311602322_593079522614346_132254825087779818_n-300x225.jpg 300w, https:\/\/liceum-glucholazy.pl\/wp-content\/uploads\/2022\/11\/311602322_593079522614346_132254825087779818_n-768x576.jpg 768w, https:\/\/liceum-glucholazy.pl\/wp-content\/uploads\/2022\/11\/311602322_593079522614346_132254825087779818_n-1536x1152.jpg 1536w, https:\/\/liceum-glucholazy.pl\/wp-content\/uploads\/2022\/11\/311602322_593079522614346_132254825087779818_n.jpg 2048w\" sizes=\"auto, (max-width: 1024px) 100vw, 1024px\" \/><\/figure>\n\n\n\n<figure class=\"wp-block-image size-large\"><img loading=\"lazy\" decoding=\"async\" width=\"1024\" height=\"768\" data-id=\"2156\" src=\"https:\/\/liceum-glucholazy.pl\/wp-content\/uploads\/2022\/11\/312085063_593079409281024_3382687257422472925_n-1024x768.jpg\" alt=\"\" class=\"wp-image-2156\" srcset=\"https:\/\/liceum-glucholazy.pl\/wp-content\/uploads\/2022\/11\/312085063_593079409281024_3382687257422472925_n-1024x768.jpg 1024w, https:\/\/liceum-glucholazy.pl\/wp-content\/uploads\/2022\/11\/312085063_593079409281024_3382687257422472925_n-300x225.jpg 300w, https:\/\/liceum-glucholazy.pl\/wp-content\/uploads\/2022\/11\/312085063_593079409281024_3382687257422472925_n-768x576.jpg 768w, https:\/\/liceum-glucholazy.pl\/wp-content\/uploads\/2022\/11\/312085063_593079409281024_3382687257422472925_n-1536x1152.jpg 1536w, https:\/\/liceum-glucholazy.pl\/wp-content\/uploads\/2022\/11\/312085063_593079409281024_3382687257422472925_n.jpg 2048w\" sizes=\"auto, (max-width: 1024px) 100vw, 1024px\" \/><\/figure>\n<\/figure>\n<div class=\"gsp_post_data\" data-post_type=\"post\" data-cat=\"aktualnosci,rocznik-22-23\" data-modified=\"120\" data-title=\"Wybory do Samorz\u0105du Uczniowskiego\" data-home=\"https:\/\/liceum-glucholazy.pl\"><\/div>","protected":false},"excerpt":{"rendered":"<p>Pierwsze tygodnie nowego roku szkolnego to czas organizacji \u017cycia ca\u0142ej spo\u0142eczno\u015bci. Liczne spotkania, planowanie pracy, wybory do r\u00f3\u017cnych struktur. Dotyczy to wszystkich &#8211; kadry, rodzic\u00f3w i uczni\u00f3w.\u00a0<\/p>\n","protected":false},"author":1,"featured_media":2155,"comment_status":"closed","ping_status":"","sticky":false,"template":"","format":"standard","meta":{"footnotes":""},"categories":[18,28],"tags":[],"class_list":["post-2153","post","type-post","status-publish","format-standard","has-post-thumbnail","hentry","category-aktualnosci","category-rocznik-22-23"],"_links":{"self":[{"href":"https:\/\/liceum-glucholazy.pl\/index.php\/wp-json\/wp\/v2\/posts\/2153","targetHints":{"allow":["GET"]}}],"collection":[{"href":"https:\/\/liceum-glucholazy.pl\/index.php\/wp-json\/wp\/v2\/posts"}],"about":[{"href":"https:\/\/liceum-glucholazy.pl\/index.php\/wp-json\/wp\/v2\/types\/post"}],"author":[{"embeddable":true,"href":"https:\/\/liceum-glucholazy.pl\/index.php\/wp-json\/wp\/v2\/users\/1"}],"replies":[{"embeddable":true,"href":"https:\/\/liceum-glucholazy.pl\/index.php\/wp-json\/wp\/v2\/comments?post=2153"}],"version-history":[{"count":1,"href":"https:\/\/liceum-glucholazy.pl\/index.php\/wp-json\/wp\/v2\/posts\/2153\/revisions"}],"predecessor-version":[{"id":2157,"href":"https:\/\/liceum-glucholazy.pl\/index.php\/wp-json\/wp\/v2\/posts\/2153\/revisions\/2157"}],"wp:featuredmedia":[{"embeddable":true,"href":"https:\/\/liceum-glucholazy.pl\/index.php\/wp-json\/wp\/v2\/media\/2155"}],"wp:attachment":[{"href":"https:\/\/liceum-glucholazy.pl\/index.php\/wp-json\/wp\/v2\/media?parent=2153"}],"wp:term":[{"taxonomy":"category","embeddable":true,"href":"https:\/\/liceum-glucholazy.pl\/index.php\/wp-json\/wp\/v2\/categories?post=2153"},{"taxonomy":"post_tag","embeddable":true,"href":"https:\/\/liceum-glucholazy.pl\/index.php\/wp-json\/wp\/v2\/tags?post=2153"}],"curies":[{"name":"wp","href":"https:\/\/api.w.org\/{rel}","templated":true}]}}