{"id":2280,"date":"2023-02-26T18:15:01","date_gmt":"2023-02-26T17:15:01","guid":{"rendered":"https:\/\/liceum-glucholazy.pl\/?p=2280"},"modified":"2023-02-26T18:15:01","modified_gmt":"2023-02-26T17:15:01","slug":"doradztwo-zawodowe","status":"publish","type":"post","link":"https:\/\/liceum-glucholazy.pl\/index.php\/2023\/02\/26\/doradztwo-zawodowe\/","title":{"rendered":"Doradztwo zawodowe"},"content":{"rendered":"<p>Spotkanie z sier\u017cant Ew\u0105 Kubic\u0105 z Komisariatu Policji w G\u0142ucho\u0142azach to kolejny krok w poszukiwaniu zawodu przysz\u0142o\u015bci.<\/p>\n\n\n<!--nextpage-->\n\n\n<p>W \u015brod\u0119 (25 stycznia 2023 r.) uczniowie klas I, II i IV wzi\u0119li udzia\u0142 w bardzo ciekawym spotkaniu z sier\u017cant Ew\u0105 Kubic\u0105 z Komisariatu Policji w G\u0142ucho\u0142azach. Pani sier\u017cant opowiedzia\u0142a m. in. o dzia\u0142aniach prewencyjnych w powiecie nyskim oraz o procesie rekrutacji do policji. Mo\u017ce w niedalekiej przysz\u0142o\u015bci nad naszym bezpiecze\u0144stwem b\u0119dzie czuwa\u0107 jeden z naszych absolwent\u00f3w? \ud83d\ude42<\/p>\n\n\n<figure class=\"wp-block-gallery has-nested-images columns-default is-cropped wp-block-gallery-1 is-layout-flex wp-block-gallery-is-layout-flex\">\n<figure class=\"wp-block-image size-large\"><img loading=\"lazy\" decoding=\"async\" width=\"1024\" height=\"768\" data-id=\"2281\" src=\"https:\/\/liceum-glucholazy.pl\/wp-content\/uploads\/2023\/02\/327875981_3038737276435472_8309979362694927954_n-1-1024x768.jpg\" alt=\"\" class=\"wp-image-2281\" srcset=\"https:\/\/liceum-glucholazy.pl\/wp-content\/uploads\/2023\/02\/327875981_3038737276435472_8309979362694927954_n-1-1024x768.jpg 1024w, https:\/\/liceum-glucholazy.pl\/wp-content\/uploads\/2023\/02\/327875981_3038737276435472_8309979362694927954_n-1-300x225.jpg 300w, https:\/\/liceum-glucholazy.pl\/wp-content\/uploads\/2023\/02\/327875981_3038737276435472_8309979362694927954_n-1-768x576.jpg 768w, https:\/\/liceum-glucholazy.pl\/wp-content\/uploads\/2023\/02\/327875981_3038737276435472_8309979362694927954_n-1-1536x1152.jpg 1536w, https:\/\/liceum-glucholazy.pl\/wp-content\/uploads\/2023\/02\/327875981_3038737276435472_8309979362694927954_n-1.jpg 2048w\" sizes=\"auto, (max-width: 1024px) 100vw, 1024px\" \/><\/figure>\n<\/figure>\n<div class=\"gsp_post_data\" data-post_type=\"post\" data-cat=\"aktualnosci,rocznik-22-23\" data-modified=\"120\" data-title=\"Doradztwo zawodowe\" data-home=\"https:\/\/liceum-glucholazy.pl\"><\/div>","protected":false},"excerpt":{"rendered":"<p>Spotkanie z sier\u017cant Ew\u0105 Kubic\u0105 z Komisariatu Policji w G\u0142ucho\u0142azach to kolejny krok w poszukiwaniu zawodu przysz\u0142o\u015bci.<\/p>\n","protected":false},"author":1,"featured_media":2282,"comment_status":"closed","ping_status":"","sticky":false,"template":"","format":"standard","meta":{"footnotes":""},"categories":[18,28],"tags":[],"class_list":["post-2280","post","type-post","status-publish","format-standard","has-post-thumbnail","hentry","category-aktualnosci","category-rocznik-22-23"],"_links":{"self":[{"href":"https:\/\/liceum-glucholazy.pl\/index.php\/wp-json\/wp\/v2\/posts\/2280","targetHints":{"allow":["GET"]}}],"collection":[{"href":"https:\/\/liceum-glucholazy.pl\/index.php\/wp-json\/wp\/v2\/posts"}],"about":[{"href":"https:\/\/liceum-glucholazy.pl\/index.php\/wp-json\/wp\/v2\/types\/post"}],"author":[{"embeddable":true,"href":"https:\/\/liceum-glucholazy.pl\/index.php\/wp-json\/wp\/v2\/users\/1"}],"replies":[{"embeddable":true,"href":"https:\/\/liceum-glucholazy.pl\/index.php\/wp-json\/wp\/v2\/comments?post=2280"}],"version-history":[{"count":1,"href":"https:\/\/liceum-glucholazy.pl\/index.php\/wp-json\/wp\/v2\/posts\/2280\/revisions"}],"predecessor-version":[{"id":2283,"href":"https:\/\/liceum-glucholazy.pl\/index.php\/wp-json\/wp\/v2\/posts\/2280\/revisions\/2283"}],"wp:featuredmedia":[{"embeddable":true,"href":"https:\/\/liceum-glucholazy.pl\/index.php\/wp-json\/wp\/v2\/media\/2282"}],"wp:attachment":[{"href":"https:\/\/liceum-glucholazy.pl\/index.php\/wp-json\/wp\/v2\/media?parent=2280"}],"wp:term":[{"taxonomy":"category","embeddable":true,"href":"https:\/\/liceum-glucholazy.pl\/index.php\/wp-json\/wp\/v2\/categories?post=2280"},{"taxonomy":"post_tag","embeddable":true,"href":"https:\/\/liceum-glucholazy.pl\/index.php\/wp-json\/wp\/v2\/tags?post=2280"}],"curies":[{"name":"wp","href":"https:\/\/api.w.org\/{rel}","templated":true}]}}