{"id":2507,"date":"2023-10-23T20:40:23","date_gmt":"2023-10-23T18:40:23","guid":{"rendered":"https:\/\/liceum-glucholazy.pl\/?p=2507"},"modified":"2023-10-23T20:40:23","modified_gmt":"2023-10-23T18:40:23","slug":"poznaj-polskie-slady-w-europie","status":"publish","type":"post","link":"https:\/\/liceum-glucholazy.pl\/index.php\/2023\/10\/23\/poznaj-polskie-slady-w-europie\/","title":{"rendered":"&#8222;Poznaj polskie \u015blady w Europie&#8221;"},"content":{"rendered":"<p>Mi\u0142o nam poinformowa\u0107, i\u017c Niepubliczne Liceum Og\u00f3lnokszta\u0142c\u0105ce w G\u0142ucho\u0142azach znalaz\u0142o si\u0119 w gronie 78 szk\u00f3\u0142 ponadpodstawowych&#8230;<\/p>\n\n\n<!--nextpage-->\n\n\n<p>Mi\u0142o nam poinformowa\u0107, i\u017c Niepubliczne Liceum Og\u00f3lnokszta\u0142c\u0105ce w G\u0142ucho\u0142azach znalaz\u0142o si\u0119 w gronie 78 szk\u00f3\u0142 ponadpodstawowych, kt\u00f3re otrzyma\u0142y dofinansowanie do pi\u0119ciodniowego wyjazdu w ramach programu Ministerstwa Edukacji i Nauki pn. &#8222;Poznaj polskie \u015blady w Europie&#8221;. W pa\u017adzierniku jedziemy do Pary\u017ca!!! Nasz wyjazd przygotowuje niezawodne #biuropodr\u00f3\u017cyopawy<br \/><a href=\"_wp_link_placeholder\" data-wplink-edit=\"true\">https:\/\/www.gov.pl\/&#8230;\/poznaj-polskie-slady-w-europie<\/a>&#8230;<\/p>\n\n\n<figure class=\"wp-block-image size-full\"><img loading=\"lazy\" decoding=\"async\" width=\"944\" height=\"540\" src=\"https:\/\/liceum-glucholazy.pl\/wp-content\/uploads\/2023\/10\/359765026_965713404682045_6766461084567345340_n.jpg\" alt=\"\" class=\"wp-image-2508\" srcset=\"https:\/\/liceum-glucholazy.pl\/wp-content\/uploads\/2023\/10\/359765026_965713404682045_6766461084567345340_n.jpg 944w, https:\/\/liceum-glucholazy.pl\/wp-content\/uploads\/2023\/10\/359765026_965713404682045_6766461084567345340_n-300x172.jpg 300w, https:\/\/liceum-glucholazy.pl\/wp-content\/uploads\/2023\/10\/359765026_965713404682045_6766461084567345340_n-768x439.jpg 768w\" sizes=\"auto, (max-width: 944px) 100vw, 944px\" \/><\/figure>\n<div class=\"gsp_post_data\" data-post_type=\"post\" data-cat=\"aktualnosci,rocznik-23-24\" data-modified=\"120\" data-title=\"&#8222;Poznaj polskie \u015blady w Europie&#8221;\" data-home=\"https:\/\/liceum-glucholazy.pl\"><\/div>","protected":false},"excerpt":{"rendered":"<p>Mi\u0142o nam poinformowa\u0107, i\u017c Niepubliczne Liceum Og\u00f3lnokszta\u0142c\u0105ce w G\u0142ucho\u0142azach znalaz\u0142o si\u0119 w gronie 78 szk\u00f3\u0142 ponadpodstawowych&#8230;<\/p>\n","protected":false},"author":1,"featured_media":2508,"comment_status":"closed","ping_status":"","sticky":false,"template":"","format":"standard","meta":{"footnotes":""},"categories":[18,30],"tags":[],"class_list":["post-2507","post","type-post","status-publish","format-standard","has-post-thumbnail","hentry","category-aktualnosci","category-rocznik-23-24"],"_links":{"self":[{"href":"https:\/\/liceum-glucholazy.pl\/index.php\/wp-json\/wp\/v2\/posts\/2507","targetHints":{"allow":["GET"]}}],"collection":[{"href":"https:\/\/liceum-glucholazy.pl\/index.php\/wp-json\/wp\/v2\/posts"}],"about":[{"href":"https:\/\/liceum-glucholazy.pl\/index.php\/wp-json\/wp\/v2\/types\/post"}],"author":[{"embeddable":true,"href":"https:\/\/liceum-glucholazy.pl\/index.php\/wp-json\/wp\/v2\/users\/1"}],"replies":[{"embeddable":true,"href":"https:\/\/liceum-glucholazy.pl\/index.php\/wp-json\/wp\/v2\/comments?post=2507"}],"version-history":[{"count":1,"href":"https:\/\/liceum-glucholazy.pl\/index.php\/wp-json\/wp\/v2\/posts\/2507\/revisions"}],"predecessor-version":[{"id":2509,"href":"https:\/\/liceum-glucholazy.pl\/index.php\/wp-json\/wp\/v2\/posts\/2507\/revisions\/2509"}],"wp:featuredmedia":[{"embeddable":true,"href":"https:\/\/liceum-glucholazy.pl\/index.php\/wp-json\/wp\/v2\/media\/2508"}],"wp:attachment":[{"href":"https:\/\/liceum-glucholazy.pl\/index.php\/wp-json\/wp\/v2\/media?parent=2507"}],"wp:term":[{"taxonomy":"category","embeddable":true,"href":"https:\/\/liceum-glucholazy.pl\/index.php\/wp-json\/wp\/v2\/categories?post=2507"},{"taxonomy":"post_tag","embeddable":true,"href":"https:\/\/liceum-glucholazy.pl\/index.php\/wp-json\/wp\/v2\/tags?post=2507"}],"curies":[{"name":"wp","href":"https:\/\/api.w.org\/{rel}","templated":true}]}}