{"id":47234,"date":"2026-03-12T20:44:48","date_gmt":"2026-03-12T19:44:48","guid":{"rendered":"https:\/\/liceum-glucholazy.pl\/?p=47234"},"modified":"2026-03-12T20:44:48","modified_gmt":"2026-03-12T19:44:48","slug":"narodowe-czytanie-2","status":"publish","type":"post","link":"https:\/\/liceum-glucholazy.pl\/index.php\/2026\/03\/12\/narodowe-czytanie-2\/","title":{"rendered":"Narodowe czytanie"},"content":{"rendered":"<div dir=\"auto\">6 wrze\u015bnia ju\u017c po raz 14. odby\u0142a si\u0119 akcja wsp\u00f3lnego czytania, kt\u00f3ra \u0142\u0105czy Polak\u00f3w nie tylko w kraju, ale i za granic\u0105. Lektur\u0105 tegorocznej edycji Narodowego Czytania by\u0142y poezje Jana Kochanowskiego.<\/div>\n<div dir=\"auto\">\u00a0<\/div>\n\n\n<!--nextpage-->\n\n\n<div dir=\"auto\">6 wrze\u015bnia ju\u017c po raz 14. odby\u0142a si\u0119 akcja wsp\u00f3lnego czytania, kt\u00f3ra \u0142\u0105czy Polak\u00f3w nie tylko w kraju, ale i za granic\u0105. Lektur\u0105 tegorocznej edycji Narodowego Czytania by\u0142y poezje Jana Kochanowskiego.<\/div>\n<div dir=\"auto\">Utwory mistrza Jana poruszaj\u0105 r\u00f3\u017cnorodne tematy \u2013 od powa\u017cnych i donios\u0142ych po l\u017cejsze i \u017cartobliwe. Opisuj\u0105 \u017cycie dworskie i ziemia\u0144skie, pojawiaj\u0105 si\u0119 w nichj w\u0105tki patriotyczne, refleksje moralne, nawi\u0105zania antyczne i biblijne. W wierszach Jana z Czarnolasu odnajdujemy humanistyczn\u0105 religijno\u015b\u0107, zachwyt \u017cyciem, ale te\u017c g\u0142\u0119bok\u0105 zadum\u0119 nad przemijaniem i ludzkim losem. Poeta przyczyni\u0142 si\u0119 do rozwoju polskiego j\u0119zyka literackiego, a jego niezr\u00f3wnane dzie\u0142a do dzi\u015b pozostaj\u0105 \u017cywe.<\/div>\n<div dir=\"auto\">W sobotnie popo\u0142udnie uczniowie i nauczyciele naszego liceum, pod wiekow\u0105 lip\u0105, na g\u0142ucho\u0142askim rynku brali udzia\u0142 w tym pi\u0119knym wydarzeniu. Gospodarzami by\u0142i Miejska i Gminna Biblioteka Publiczna w G\u0142ucho\u0142azach oraz Centrum Kultury im. Kawaler\u00f3w Orderu U\u015bmiechu. Poezje Jana Kochanowskiego czytali r\u00f3wnie\u017c inni zaproszeni go\u015bcie oraz osoby z publiczno\u015bci. Pan Tomek, nasz wspania\u0142y matematyk umila\u0142 zebranym czas \u015bpiewem i gr\u0105 na gitarze.<\/div>\n<div dir=\"auto\">Chocia\u017c dzie\u0144 zapowiada\u0142 si\u0119 deszczowo, dla nas wyjrza\u0142o s\u0142onko, aby upi\u0119kszy\u0107 spotkanie.<\/div>\n<div dir=\"auto\">Dzi\u0119kujemy za niezapomniane prze\u017cycia i prosimy o wi\u0119cej <span class=\"html-span xexx8yu xyri2b x18d9i69 x1c1uobl x1hl2dhg x16tdsg8 x1vvkbs x3nfvp2 x1j61x8r x1fcty0u xdj266r xat24cr xm2jcoa x1mpyi22 xxymvpz xlup9mm x1kky2od\"><img loading=\"lazy\" decoding=\"async\" class=\"xz74otr x15mokao x1ga7v0g x16uus16 xbiv7yw\" src=\"https:\/\/static.xx.fbcdn.net\/images\/emoji.php\/v9\/t4c\/1\/16\/1f642.png\" alt=\"\ud83d\ude42\" width=\"16\" height=\"16\" \/><\/span><\/div>\n\n\n<figure class=\"wp-block-gallery has-nested-images columns-default is-cropped wp-block-gallery-1 is-layout-flex wp-block-gallery-is-layout-flex\">\n<figure class=\"wp-block-image size-large\"><img loading=\"lazy\" decoding=\"async\" width=\"1024\" height=\"768\" data-id=\"47236\" src=\"https:\/\/liceum-glucholazy.pl\/wp-content\/uploads\/2026\/03\/544799870_1455030192417028_6656976109347951396_n-1024x768.jpg\" alt=\"\" class=\"wp-image-47236\" srcset=\"https:\/\/liceum-glucholazy.pl\/wp-content\/uploads\/2026\/03\/544799870_1455030192417028_6656976109347951396_n-1024x768.jpg 1024w, https:\/\/liceum-glucholazy.pl\/wp-content\/uploads\/2026\/03\/544799870_1455030192417028_6656976109347951396_n-300x225.jpg 300w, https:\/\/liceum-glucholazy.pl\/wp-content\/uploads\/2026\/03\/544799870_1455030192417028_6656976109347951396_n-768x576.jpg 768w, https:\/\/liceum-glucholazy.pl\/wp-content\/uploads\/2026\/03\/544799870_1455030192417028_6656976109347951396_n-1536x1152.jpg 1536w, https:\/\/liceum-glucholazy.pl\/wp-content\/uploads\/2026\/03\/544799870_1455030192417028_6656976109347951396_n.jpg 1600w\" sizes=\"auto, (max-width: 1024px) 100vw, 1024px\" \/><\/figure>\n\n\n\n<figure class=\"wp-block-image size-large\"><img loading=\"lazy\" decoding=\"async\" width=\"768\" height=\"1024\" data-id=\"47237\" src=\"https:\/\/liceum-glucholazy.pl\/wp-content\/uploads\/2026\/03\/544924960_1455030362417011_7319654390025304017_n-768x1024.jpg\" alt=\"\" class=\"wp-image-47237\" srcset=\"https:\/\/liceum-glucholazy.pl\/wp-content\/uploads\/2026\/03\/544924960_1455030362417011_7319654390025304017_n-768x1024.jpg 768w, https:\/\/liceum-glucholazy.pl\/wp-content\/uploads\/2026\/03\/544924960_1455030362417011_7319654390025304017_n-225x300.jpg 225w, https:\/\/liceum-glucholazy.pl\/wp-content\/uploads\/2026\/03\/544924960_1455030362417011_7319654390025304017_n-1152x1536.jpg 1152w, https:\/\/liceum-glucholazy.pl\/wp-content\/uploads\/2026\/03\/544924960_1455030362417011_7319654390025304017_n.jpg 1200w\" sizes=\"auto, (max-width: 768px) 100vw, 768px\" \/><\/figure>\n\n\n\n<figure class=\"wp-block-image size-large\"><img loading=\"lazy\" decoding=\"async\" width=\"768\" height=\"1024\" data-id=\"47238\" src=\"https:\/\/liceum-glucholazy.pl\/wp-content\/uploads\/2026\/03\/545376687_1455030169083697_2548853950853106840_n-768x1024.jpg\" alt=\"\" class=\"wp-image-47238\" srcset=\"https:\/\/liceum-glucholazy.pl\/wp-content\/uploads\/2026\/03\/545376687_1455030169083697_2548853950853106840_n-768x1024.jpg 768w, https:\/\/liceum-glucholazy.pl\/wp-content\/uploads\/2026\/03\/545376687_1455030169083697_2548853950853106840_n-225x300.jpg 225w, https:\/\/liceum-glucholazy.pl\/wp-content\/uploads\/2026\/03\/545376687_1455030169083697_2548853950853106840_n-1152x1536.jpg 1152w, https:\/\/liceum-glucholazy.pl\/wp-content\/uploads\/2026\/03\/545376687_1455030169083697_2548853950853106840_n.jpg 1200w\" sizes=\"auto, (max-width: 768px) 100vw, 768px\" \/><\/figure>\n\n\n\n<figure class=\"wp-block-image size-large\"><img loading=\"lazy\" decoding=\"async\" width=\"768\" height=\"1024\" data-id=\"47239\" src=\"https:\/\/liceum-glucholazy.pl\/wp-content\/uploads\/2026\/03\/545518195_1455030422417005_8139115724794001123_n-768x1024.jpg\" alt=\"\" class=\"wp-image-47239\" srcset=\"https:\/\/liceum-glucholazy.pl\/wp-content\/uploads\/2026\/03\/545518195_1455030422417005_8139115724794001123_n-768x1024.jpg 768w, https:\/\/liceum-glucholazy.pl\/wp-content\/uploads\/2026\/03\/545518195_1455030422417005_8139115724794001123_n-225x300.jpg 225w, https:\/\/liceum-glucholazy.pl\/wp-content\/uploads\/2026\/03\/545518195_1455030422417005_8139115724794001123_n-1152x1536.jpg 1152w, https:\/\/liceum-glucholazy.pl\/wp-content\/uploads\/2026\/03\/545518195_1455030422417005_8139115724794001123_n.jpg 1200w\" sizes=\"auto, (max-width: 768px) 100vw, 768px\" \/><\/figure>\n\n\n\n<figure class=\"wp-block-image size-large\"><img loading=\"lazy\" decoding=\"async\" width=\"768\" height=\"1024\" data-id=\"47240\" src=\"https:\/\/liceum-glucholazy.pl\/wp-content\/uploads\/2026\/03\/544797434_1455030099083704_3932026820815006573_n-768x1024.jpg\" alt=\"\" class=\"wp-image-47240\" srcset=\"https:\/\/liceum-glucholazy.pl\/wp-content\/uploads\/2026\/03\/544797434_1455030099083704_3932026820815006573_n-768x1024.jpg 768w, https:\/\/liceum-glucholazy.pl\/wp-content\/uploads\/2026\/03\/544797434_1455030099083704_3932026820815006573_n-225x300.jpg 225w, https:\/\/liceum-glucholazy.pl\/wp-content\/uploads\/2026\/03\/544797434_1455030099083704_3932026820815006573_n-1152x1536.jpg 1152w, https:\/\/liceum-glucholazy.pl\/wp-content\/uploads\/2026\/03\/544797434_1455030099083704_3932026820815006573_n.jpg 1200w\" sizes=\"auto, (max-width: 768px) 100vw, 768px\" \/><\/figure>\n<\/figure>\n<div class=\"gsp_post_data\" data-post_type=\"post\" data-cat=\"aktualnosci,rocznik-25-26\" data-modified=\"120\" data-title=\"Narodowe czytanie\" data-home=\"https:\/\/liceum-glucholazy.pl\"><\/div>","protected":false},"excerpt":{"rendered":"<p>6 wrze\u015bnia ju\u017c po raz 14. odby\u0142a si\u0119 akcja wsp\u00f3lnego czytania, kt\u00f3ra \u0142\u0105czy Polak\u00f3w nie tylko w kraju, ale i za granic\u0105. Lektur\u0105 tegorocznej edycji Narodowego Czytania by\u0142y poezje Jana &#8230;<\/p>\n","protected":false},"author":1,"featured_media":47239,"comment_status":"closed","ping_status":"","sticky":false,"template":"","format":"standard","meta":{"footnotes":""},"categories":[18,36],"tags":[],"class_list":["post-47234","post","type-post","status-publish","format-standard","has-post-thumbnail","hentry","category-aktualnosci","category-rocznik-25-26"],"_links":{"self":[{"href":"https:\/\/liceum-glucholazy.pl\/index.php\/wp-json\/wp\/v2\/posts\/47234","targetHints":{"allow":["GET"]}}],"collection":[{"href":"https:\/\/liceum-glucholazy.pl\/index.php\/wp-json\/wp\/v2\/posts"}],"about":[{"href":"https:\/\/liceum-glucholazy.pl\/index.php\/wp-json\/wp\/v2\/types\/post"}],"author":[{"embeddable":true,"href":"https:\/\/liceum-glucholazy.pl\/index.php\/wp-json\/wp\/v2\/users\/1"}],"replies":[{"embeddable":true,"href":"https:\/\/liceum-glucholazy.pl\/index.php\/wp-json\/wp\/v2\/comments?post=47234"}],"version-history":[{"count":1,"href":"https:\/\/liceum-glucholazy.pl\/index.php\/wp-json\/wp\/v2\/posts\/47234\/revisions"}],"predecessor-version":[{"id":47241,"href":"https:\/\/liceum-glucholazy.pl\/index.php\/wp-json\/wp\/v2\/posts\/47234\/revisions\/47241"}],"wp:featuredmedia":[{"embeddable":true,"href":"https:\/\/liceum-glucholazy.pl\/index.php\/wp-json\/wp\/v2\/media\/47239"}],"wp:attachment":[{"href":"https:\/\/liceum-glucholazy.pl\/index.php\/wp-json\/wp\/v2\/media?parent=47234"}],"wp:term":[{"taxonomy":"category","embeddable":true,"href":"https:\/\/liceum-glucholazy.pl\/index.php\/wp-json\/wp\/v2\/categories?post=47234"},{"taxonomy":"post_tag","embeddable":true,"href":"https:\/\/liceum-glucholazy.pl\/index.php\/wp-json\/wp\/v2\/tags?post=47234"}],"curies":[{"name":"wp","href":"https:\/\/api.w.org\/{rel}","templated":true}]}}