{"id":47243,"date":"2026-03-12T20:54:59","date_gmt":"2026-03-12T19:54:59","guid":{"rendered":"https:\/\/liceum-glucholazy.pl\/?p=47243"},"modified":"2026-03-12T20:54:59","modified_gmt":"2026-03-12T19:54:59","slug":"rok-po-powodzi","status":"publish","type":"post","link":"https:\/\/liceum-glucholazy.pl\/index.php\/2026\/03\/12\/rok-po-powodzi\/","title":{"rendered":"Rok po powodzi"},"content":{"rendered":"<p>Rok po powodzi z 2024 roku <span class=\"html-span xdj266r x14z9mp xat24cr x1lziwak xexx8yu xyri2b x18d9i69 x1c1uobl x1hl2dhg x16tdsg8 x1vvkbs\"><a class=\"x1i10hfl xjbqb8w x1ejq31n x18oe1m7 x1sy0etr xstzfhl x972fbf x10w94by x1qhh985 x14e42zd x9f619 x1ypdohk xt0psk2 x3ct3a4 xdj266r x14z9mp xat24cr x1lziwak xexx8yu xyri2b x18d9i69 x1c1uobl x16tdsg8 x1hl2dhg xggy1nq x1a2a7pz xkrqix3 x1sur9pj x1fey0fg x1s688f\" tabindex=\"0\" role=\"link\" href=\"https:\/\/www.facebook.com\/ministerstwo.edukacji?__cft__[0]=AZbucaSqyCWfgxnF7Q2Ue2ShV1q9F0ARXNlIqhWpqoaav7Hlqa30XELAGGCI6dLbyhNR8OX28i1ln5NIC3-GtRVczu_gbIceyvbgJxOaTcfJal3_CIsw5Sj5P_soumvkw2g2QHeOTP0Mnm24bX4N7fWiGvUndOTXKNAnZDC8ACY6M1ev61Q-DmLbo0Xdil2VAr0ID2uX-8JfoDYYbKRGgzUfs4QC0SUUf94bULYXbkQT_Q&amp;__tn__=-]K-y-R\"><span class=\"xt0psk2\"><span class=\"xjp7ctv\">Ministerstwo Edukacji Narodowej<\/span><\/span><\/a><\/span> zorganizowa\u0142o uroczyst\u0105 gal\u0119, aby z\u0142o\u017cy\u0107 podzi\u0119kowania na r\u0119ce dyrektor\u00f3w szk\u00f3\u0142, kt\u00f3rzy stan\u0119li na wysoko\u015bci zadania w obliczu kataklizmu. Na uroczysto\u015b\u0107 zosta\u0142a zaproszona Pani mgr Iwona Jak\u00f3bczak dyrektor &#8211; menad\u017cer Niepublicznego Liceum Og\u00f3lnokszta\u0142cacego w G\u0142ucho\u0142azach.<\/p>\n\n\n<!--nextpage-->\n\n\n<p>Rok po powodzi z 2024 roku <span class=\"html-span xdj266r x14z9mp xat24cr x1lziwak xexx8yu xyri2b x18d9i69 x1c1uobl x1hl2dhg x16tdsg8 x1vvkbs\"><a class=\"x1i10hfl xjbqb8w x1ejq31n x18oe1m7 x1sy0etr xstzfhl x972fbf x10w94by x1qhh985 x14e42zd x9f619 x1ypdohk xt0psk2 x3ct3a4 xdj266r x14z9mp xat24cr x1lziwak xexx8yu xyri2b x18d9i69 x1c1uobl x16tdsg8 x1hl2dhg xggy1nq x1a2a7pz xkrqix3 x1sur9pj x1fey0fg x1s688f\" tabindex=\"0\" role=\"link\" href=\"https:\/\/www.facebook.com\/ministerstwo.edukacji?__cft__[0]=AZbucaSqyCWfgxnF7Q2Ue2ShV1q9F0ARXNlIqhWpqoaav7Hlqa30XELAGGCI6dLbyhNR8OX28i1ln5NIC3-GtRVczu_gbIceyvbgJxOaTcfJal3_CIsw5Sj5P_soumvkw2g2QHeOTP0Mnm24bX4N7fWiGvUndOTXKNAnZDC8ACY6M1ev61Q-DmLbo0Xdil2VAr0ID2uX-8JfoDYYbKRGgzUfs4QC0SUUf94bULYXbkQT_Q&amp;__tn__=-]K-y-R\"><span class=\"xt0psk2\"><span class=\"xjp7ctv\">Ministerstwo Edukacji Narodowej<\/span><\/span><\/a><\/span> zorganizowa\u0142o uroczyst\u0105 gal\u0119, aby z\u0142o\u017cy\u0107 podzi\u0119kowania na r\u0119ce dyrektor\u00f3w szk\u00f3\u0142, kt\u00f3rzy stan\u0119li na wysoko\u015bci zadania w obliczu kataklizmu. Na uroczysto\u015b\u0107 zosta\u0142a zaproszona Pani mgr Iwona Jak\u00f3bczak dyrektor &#8211; menad\u017cer Niepublicznego Liceum Og\u00f3lnokszta\u0142cacego w G\u0142ucho\u0142azach<\/p>\n\n\n<figure class=\"wp-block-gallery has-nested-images columns-default is-cropped wp-block-gallery-1 is-layout-flex wp-block-gallery-is-layout-flex\">\n<figure class=\"wp-block-image size-large\"><img loading=\"lazy\" decoding=\"async\" width=\"1024\" height=\"683\" data-id=\"47244\" src=\"https:\/\/liceum-glucholazy.pl\/wp-content\/uploads\/2026\/03\/547883678_1247528927179452_918364234934192569_n-1024x683.jpg\" alt=\"\" class=\"wp-image-47244\" srcset=\"https:\/\/liceum-glucholazy.pl\/wp-content\/uploads\/2026\/03\/547883678_1247528927179452_918364234934192569_n-1024x683.jpg 1024w, https:\/\/liceum-glucholazy.pl\/wp-content\/uploads\/2026\/03\/547883678_1247528927179452_918364234934192569_n-300x200.jpg 300w, https:\/\/liceum-glucholazy.pl\/wp-content\/uploads\/2026\/03\/547883678_1247528927179452_918364234934192569_n-768x512.jpg 768w, https:\/\/liceum-glucholazy.pl\/wp-content\/uploads\/2026\/03\/547883678_1247528927179452_918364234934192569_n.jpg 1500w\" sizes=\"auto, (max-width: 1024px) 100vw, 1024px\" \/><\/figure>\n\n\n\n<figure class=\"wp-block-image size-large\"><img loading=\"lazy\" decoding=\"async\" width=\"1024\" height=\"683\" data-id=\"47245\" src=\"https:\/\/liceum-glucholazy.pl\/wp-content\/uploads\/2026\/03\/549415545_1247529150512763_3663898004565172125_n-1024x683.jpg\" alt=\"\" class=\"wp-image-47245\" srcset=\"https:\/\/liceum-glucholazy.pl\/wp-content\/uploads\/2026\/03\/549415545_1247529150512763_3663898004565172125_n-1024x683.jpg 1024w, https:\/\/liceum-glucholazy.pl\/wp-content\/uploads\/2026\/03\/549415545_1247529150512763_3663898004565172125_n-300x200.jpg 300w, https:\/\/liceum-glucholazy.pl\/wp-content\/uploads\/2026\/03\/549415545_1247529150512763_3663898004565172125_n-768x512.jpg 768w, https:\/\/liceum-glucholazy.pl\/wp-content\/uploads\/2026\/03\/549415545_1247529150512763_3663898004565172125_n.jpg 1308w\" sizes=\"auto, (max-width: 1024px) 100vw, 1024px\" \/><\/figure>\n<\/figure>\n<div class=\"gsp_post_data\" data-post_type=\"post\" data-cat=\"aktualnosci,rocznik-25-26\" data-modified=\"120\" data-title=\"Rok po powodzi\" data-home=\"https:\/\/liceum-glucholazy.pl\"><\/div>","protected":false},"excerpt":{"rendered":"<p>Rok po powodzi z 2024 roku Ministerstwo Edukacji Narodowej zorganizowa\u0142o uroczyst\u0105 gal\u0119, aby z\u0142o\u017cy\u0107 podzi\u0119kowania na r\u0119ce dyrektor\u00f3w szk\u00f3\u0142, kt\u00f3rzy stan\u0119li na wysoko\u015bci zadania w obliczu kataklizmu. Na uroczysto\u015b\u0107 zosta\u0142a &#8230;<\/p>\n","protected":false},"author":1,"featured_media":47245,"comment_status":"closed","ping_status":"","sticky":false,"template":"","format":"standard","meta":{"footnotes":""},"categories":[18,36],"tags":[],"class_list":["post-47243","post","type-post","status-publish","format-standard","has-post-thumbnail","hentry","category-aktualnosci","category-rocznik-25-26"],"_links":{"self":[{"href":"https:\/\/liceum-glucholazy.pl\/index.php\/wp-json\/wp\/v2\/posts\/47243","targetHints":{"allow":["GET"]}}],"collection":[{"href":"https:\/\/liceum-glucholazy.pl\/index.php\/wp-json\/wp\/v2\/posts"}],"about":[{"href":"https:\/\/liceum-glucholazy.pl\/index.php\/wp-json\/wp\/v2\/types\/post"}],"author":[{"embeddable":true,"href":"https:\/\/liceum-glucholazy.pl\/index.php\/wp-json\/wp\/v2\/users\/1"}],"replies":[{"embeddable":true,"href":"https:\/\/liceum-glucholazy.pl\/index.php\/wp-json\/wp\/v2\/comments?post=47243"}],"version-history":[{"count":1,"href":"https:\/\/liceum-glucholazy.pl\/index.php\/wp-json\/wp\/v2\/posts\/47243\/revisions"}],"predecessor-version":[{"id":47247,"href":"https:\/\/liceum-glucholazy.pl\/index.php\/wp-json\/wp\/v2\/posts\/47243\/revisions\/47247"}],"wp:featuredmedia":[{"embeddable":true,"href":"https:\/\/liceum-glucholazy.pl\/index.php\/wp-json\/wp\/v2\/media\/47245"}],"wp:attachment":[{"href":"https:\/\/liceum-glucholazy.pl\/index.php\/wp-json\/wp\/v2\/media?parent=47243"}],"wp:term":[{"taxonomy":"category","embeddable":true,"href":"https:\/\/liceum-glucholazy.pl\/index.php\/wp-json\/wp\/v2\/categories?post=47243"},{"taxonomy":"post_tag","embeddable":true,"href":"https:\/\/liceum-glucholazy.pl\/index.php\/wp-json\/wp\/v2\/tags?post=47243"}],"curies":[{"name":"wp","href":"https:\/\/api.w.org\/{rel}","templated":true}]}}