{"id":47524,"date":"2026-03-13T18:56:31","date_gmt":"2026-03-13T17:56:31","guid":{"rendered":"https:\/\/liceum-glucholazy.pl\/?p=47524"},"modified":"2026-03-13T18:57:40","modified_gmt":"2026-03-13T17:57:40","slug":"dzien-edukacji-narodowej-4","status":"publish","type":"post","link":"https:\/\/liceum-glucholazy.pl\/index.php\/2026\/03\/13\/dzien-edukacji-narodowej-4\/","title":{"rendered":"Dzie\u0144 Edukacji Narodowej"},"content":{"rendered":"<div class=\"html-div xdj266r x14z9mp xat24cr x1lziwak xexx8yu xyri2b x18d9i69 x1c1uobl\">\n<div class=\"html-div xdj266r x14z9mp xat24cr x1lziwak xexx8yu xyri2b x18d9i69 x1c1uobl\" dir=\"auto\">\n<div class=\"html-div xdj266r x14z9mp xat24cr x1lziwak xexx8yu xyri2b x18d9i69 x1c1uobl\" data-ad-rendering-role=\"story_message\">\n<div class=\"x1l90r2v x1iorvi4 x1g0dm76 xpdmqnj\" data-ad-comet-preview=\"message\" data-ad-preview=\"message\">\n<div class=\"x78zum5 xdt5ytf xz62fqu x16ldp7u\">\n<div class=\"xu06os2 x1ok221b\">\n<div class=\"html-div xdj266r x14z9mp xat24cr x1lziwak xexx8yu xyri2b x18d9i69 x1c1uobl\">\n<div class=\"xdj266r x14z9mp xat24cr x1lziwak x1vvkbs x126k92a\">\n<div dir=\"auto\">Wczoraj w naszej szkole odby\u0142a si\u0119 wyj\u0105tkowa uroczysto\u015b\u0107 \u2013 \u015blubowanie uczni\u00f3w klas pierwszych, po\u0142\u0105czone z obchodami Dnia Edukacji Narodowej.<\/div>\n<\/div>\n<\/div>\n<\/div>\n<\/div>\n<\/div>\n<\/div>\n<\/div>\n<\/div>\n\n\n<!--nextpage-->\n\n\n<div class=\"html-div xdj266r x14z9mp xat24cr x1lziwak xexx8yu xyri2b x18d9i69 x1c1uobl\">\n<div class=\"html-div xdj266r x14z9mp xat24cr x1lziwak xexx8yu xyri2b x18d9i69 x1c1uobl\" dir=\"auto\">\n<div class=\"html-div xdj266r x14z9mp xat24cr x1lziwak xexx8yu xyri2b x18d9i69 x1c1uobl\" data-ad-rendering-role=\"story_message\">\n<div class=\"x1l90r2v x1iorvi4 x1g0dm76 xpdmqnj\" data-ad-comet-preview=\"message\" data-ad-preview=\"message\">\n<div class=\"x78zum5 xdt5ytf xz62fqu x16ldp7u\">\n<div class=\"xu06os2 x1ok221b\">\n<div class=\"html-div xdj266r x14z9mp xat24cr x1lziwak xexx8yu xyri2b x18d9i69 x1c1uobl\">\n<div class=\"xdj266r x14z9mp xat24cr x1lziwak x1vvkbs x126k92a\">\n<div dir=\"auto\">Wczoraj w naszej szkole odby\u0142a si\u0119 wyj\u0105tkowa uroczysto\u015b\u0107 \u2013 <a href=\"https:\/\/www.facebook.com\/reel\/1180536930593592\">\u015blubowanie uczni\u00f3w klas pierwszych<\/a>, po\u0142\u0105czone z obchodami Dnia Edukacji Narodowej. Aula wype\u0142ni\u0142a si\u0119 rado\u015bci\u0105, wzruszeniem i dum\u0105, w powietrzu czu\u0107 by\u0142o uroczysty nastr\u00f3j wsp\u00f3lnego \u015bwi\u0119towania. Spotkanie pi\u0119knie poprowadzili starsi koledzy i kole\u017canki z klasy 2 A.<\/div>\n<div dir=\"auto\">Pierwszoklasi\u015bci z powag\u0105 i b\u0142yskiem w oczach z\u0142o\u017cyli \u015blubowanie na sztandar szko\u0142y, przyrzekaj\u0105c sumiennie wype\u0142nia\u0107 obowi\u0105zki ucznia, dba\u0107 o dobre imi\u0119 szko\u0142y oraz kierowa\u0107 si\u0119 w \u017cyciu warto\u015bciami prawdy, szacunku i odpowiedzialno\u015bci. Od tej chwili stali si\u0119 pe\u0142noprawnymi cz\u0142onkami naszej szkolnej wsp\u00f3lnoty \u2013 m\u0142odymi lud\u017ami, kt\u00f3rzy wyruszaj\u0105 w niezwyk\u0142\u0105, czteroletni\u0105 podr\u00f3\u017c ku wiedzy i dojrza\u0142o\u015bci.<\/div>\n<div dir=\"auto\">Po cz\u0119\u015bci oficjalnej nadszed\u0142 czas na program artystyczny przygotowany przez debiutant\u00f3w. Na scenie rozbrzmia\u0142y d\u017awi\u0119ki muzyki, s\u0142owa wierszy i \u017cycze\u0144, kt\u00f3re skierowane by\u0142y do Grona Pedagogicznego. Nie zabrak\u0142o te\u017c humorystycznych akcent\u00f3w i wyst\u0119pu muzycznego, kt\u00f3ry doda\u0142 \u017cywio\u0142owo\u015bci i energii ca\u0142ej uroczysto\u015bci.<\/div>\n<div dir=\"auto\">Po artystycznych wzruszeniach przysz\u0142a pora na chwil\u0119 s\u0142odkiego wytchnienia: pyszne ciasta, ciasteczka i inne smako\u0142yki, przygotowane z sercem przez uczni\u00f3w i rodzic\u00f3w.<\/div>\n<div dir=\"auto\">To by\u0142 bardzo uroczysty dzie\u0144 \u2013 pe\u0142en symboliki, ciep\u0142a i wsp\u00f3lnoty. Dla uczni\u00f3w klasy 1 A to pocz\u0105tek nowego rozdzia\u0142u \u2013 historii, kt\u00f3r\u0105 dopiero zaczn\u0105 pisa\u0107 w\u0142asnymi marzeniami, wspomnieniami i wsp\u00f3lnym licealnym czasem. Cieszymy si\u0119, \u017ce jeste\u015bcie z nami! Powodzenia!<\/div>\n<\/div>\n<\/div>\n<\/div>\n<\/div>\n<\/div>\n<\/div>\n<\/div>\n<div class=\"html-div xdj266r x14z9mp xat24cr x1lziwak xexx8yu xyri2b x18d9i69 x1c1uobl x1n2onr6\">\n<div class=\"html-div xdj266r x14z9mp xat24cr x1lziwak xexx8yu xyri2b x18d9i69 x1c1uobl x1n2onr6\">\n<div class=\"html-div xdj266r x14z9mp xat24cr x1lziwak xexx8yu xyri2b x18d9i69 x1c1uobl\">\n<div class=\"x1n2onr6\">\n<div class=\"x1n2onr6\">\n<div class=\"x6ikm8r x10wlt62 x10l6tqk\">\u00a0<\/div>\n<\/div>\n<\/div>\n<\/div>\n<\/div>\n<\/div>\n<\/div>\n<div>\n<div class=\"xabvvm4 xeyy32k x1ia1hqs x1a2w583 x6ikm8r x10wlt62\" data-visualcompletion=\"ignore-dynamic\">\n<div>\n<div>\n<div>\n<div class=\"xbmvrgn x1diwwjn\">\n<div class=\"x9f619 x1ja2u2z x78zum5 x2lah0s x1n2onr6 x1qughib x1qjc9v5 xozqiw3 x1q0g3np xyri2b x1c1uobl xjkvuk6 x1iorvi4 x11lt19s xe9ewy2 x4cne27 xifccgj\">\n<div class=\"x9f619 x1n2onr6 x1ja2u2z x78zum5 xdt5ytf x193iq5w xeuugli x1r8uery x1iyjqo2 xs83m0k x14vy60q xyiysdx x10b6aqq x1yrsyyn\">\u00a0<\/div>\n<div class=\"x9f619 x1n2onr6 x1ja2u2z x78zum5 xdt5ytf x193iq5w xeuugli x1r8uery x1iyjqo2 xs83m0k x14vy60q xyiysdx x10b6aqq x1yrsyyn\">\u00a0<\/div>\n<div class=\"x9f619 x1n2onr6 x1ja2u2z x78zum5 xdt5ytf x193iq5w xeuugli x1r8uery x1iyjqo2 xs83m0k x14vy60q xyiysdx x10b6aqq x1yrsyyn\">\u00a0<\/div>\n<\/div>\n<\/div>\n<\/div>\n<\/div>\n<div class=\"html-div xdj266r xat24cr xexx8yu xyri2b x18d9i69 x1c1uobl x1diwwjn xbmvrgn\">\u00a0<\/div>\n<div class=\"xdj266r xat24cr xyqm7xq x1ys307a\">\n<div class=\"html-div xdj266r x14z9mp xat24cr x1lziwak xexx8yu xyri2b x18d9i69 x1c1uobl x78zum5 x1iyjqo2 x21xpn4 x1n2onr6\">\u00a0<\/div>\n<\/div>\n<\/div>\n<\/div>\n<\/div>\n\n\n<figure class=\"wp-block-gallery has-nested-images columns-default is-cropped wp-block-gallery-1 is-layout-flex wp-block-gallery-is-layout-flex\">\n<figure class=\"wp-block-image size-large\"><img loading=\"lazy\" decoding=\"async\" width=\"1024\" height=\"459\" data-id=\"47531\" src=\"https:\/\/liceum-glucholazy.pl\/wp-content\/uploads\/2026\/03\/559023360_1488019909118056_6749964397026630341_n-1024x459.jpg\" alt=\"\" class=\"wp-image-47531\" srcset=\"https:\/\/liceum-glucholazy.pl\/wp-content\/uploads\/2026\/03\/559023360_1488019909118056_6749964397026630341_n-1024x459.jpg 1024w, https:\/\/liceum-glucholazy.pl\/wp-content\/uploads\/2026\/03\/559023360_1488019909118056_6749964397026630341_n-300x134.jpg 300w, https:\/\/liceum-glucholazy.pl\/wp-content\/uploads\/2026\/03\/559023360_1488019909118056_6749964397026630341_n-768x344.jpg 768w, https:\/\/liceum-glucholazy.pl\/wp-content\/uploads\/2026\/03\/559023360_1488019909118056_6749964397026630341_n.jpg 1170w\" sizes=\"auto, (max-width: 1024px) 100vw, 1024px\" \/><\/figure>\n\n\n\n<figure class=\"wp-block-image size-large\"><img loading=\"lazy\" decoding=\"async\" width=\"1024\" height=\"460\" data-id=\"47533\" src=\"https:\/\/liceum-glucholazy.pl\/wp-content\/uploads\/2026\/03\/562010510_1488019829118064_7788065944771086618_n-1024x460.jpg\" alt=\"\" class=\"wp-image-47533\" srcset=\"https:\/\/liceum-glucholazy.pl\/wp-content\/uploads\/2026\/03\/562010510_1488019829118064_7788065944771086618_n-1024x460.jpg 1024w, https:\/\/liceum-glucholazy.pl\/wp-content\/uploads\/2026\/03\/562010510_1488019829118064_7788065944771086618_n-300x135.jpg 300w, https:\/\/liceum-glucholazy.pl\/wp-content\/uploads\/2026\/03\/562010510_1488019829118064_7788065944771086618_n-768x345.jpg 768w, https:\/\/liceum-glucholazy.pl\/wp-content\/uploads\/2026\/03\/562010510_1488019829118064_7788065944771086618_n.jpg 1170w\" sizes=\"auto, (max-width: 1024px) 100vw, 1024px\" \/><\/figure>\n\n\n\n<figure class=\"wp-block-image size-large\"><img loading=\"lazy\" decoding=\"async\" width=\"1024\" height=\"683\" data-id=\"47536\" src=\"https:\/\/liceum-glucholazy.pl\/wp-content\/uploads\/2026\/03\/565797381_1488019869118060_4239249377965542423_n-1024x683.jpg\" alt=\"\" class=\"wp-image-47536\" srcset=\"https:\/\/liceum-glucholazy.pl\/wp-content\/uploads\/2026\/03\/565797381_1488019869118060_4239249377965542423_n-1024x683.jpg 1024w, https:\/\/liceum-glucholazy.pl\/wp-content\/uploads\/2026\/03\/565797381_1488019869118060_4239249377965542423_n-300x200.jpg 300w, https:\/\/liceum-glucholazy.pl\/wp-content\/uploads\/2026\/03\/565797381_1488019869118060_4239249377965542423_n-768x512.jpg 768w, https:\/\/liceum-glucholazy.pl\/wp-content\/uploads\/2026\/03\/565797381_1488019869118060_4239249377965542423_n-1536x1024.jpg 1536w, https:\/\/liceum-glucholazy.pl\/wp-content\/uploads\/2026\/03\/565797381_1488019869118060_4239249377965542423_n.jpg 2048w\" sizes=\"auto, (max-width: 1024px) 100vw, 1024px\" \/><\/figure>\n\n\n\n<figure class=\"wp-block-image size-large\"><img loading=\"lazy\" decoding=\"async\" width=\"1024\" height=\"459\" data-id=\"47535\" src=\"https:\/\/liceum-glucholazy.pl\/wp-content\/uploads\/2026\/03\/565109726_1488019999118047_3780270538195632378_n-1024x459.jpg\" alt=\"\" class=\"wp-image-47535\" srcset=\"https:\/\/liceum-glucholazy.pl\/wp-content\/uploads\/2026\/03\/565109726_1488019999118047_3780270538195632378_n-1024x459.jpg 1024w, https:\/\/liceum-glucholazy.pl\/wp-content\/uploads\/2026\/03\/565109726_1488019999118047_3780270538195632378_n-300x134.jpg 300w, https:\/\/liceum-glucholazy.pl\/wp-content\/uploads\/2026\/03\/565109726_1488019999118047_3780270538195632378_n-768x344.jpg 768w, https:\/\/liceum-glucholazy.pl\/wp-content\/uploads\/2026\/03\/565109726_1488019999118047_3780270538195632378_n.jpg 1170w\" sizes=\"auto, (max-width: 1024px) 100vw, 1024px\" \/><\/figure>\n\n\n\n<figure class=\"wp-block-image size-large\"><img loading=\"lazy\" decoding=\"async\" width=\"1024\" height=\"683\" data-id=\"47537\" src=\"https:\/\/liceum-glucholazy.pl\/wp-content\/uploads\/2026\/03\/566208521_1488019979118049_9130350544580263270_n-1024x683.jpg\" alt=\"\" class=\"wp-image-47537\" srcset=\"https:\/\/liceum-glucholazy.pl\/wp-content\/uploads\/2026\/03\/566208521_1488019979118049_9130350544580263270_n-1024x683.jpg 1024w, https:\/\/liceum-glucholazy.pl\/wp-content\/uploads\/2026\/03\/566208521_1488019979118049_9130350544580263270_n-300x200.jpg 300w, https:\/\/liceum-glucholazy.pl\/wp-content\/uploads\/2026\/03\/566208521_1488019979118049_9130350544580263270_n-768x512.jpg 768w, https:\/\/liceum-glucholazy.pl\/wp-content\/uploads\/2026\/03\/566208521_1488019979118049_9130350544580263270_n-1536x1024.jpg 1536w, https:\/\/liceum-glucholazy.pl\/wp-content\/uploads\/2026\/03\/566208521_1488019979118049_9130350544580263270_n.jpg 2048w\" sizes=\"auto, (max-width: 1024px) 100vw, 1024px\" \/><\/figure>\n<\/figure>\n<div class=\"gsp_post_data\" data-post_type=\"post\" data-cat=\"aktualnosci,rocznik-25-26\" data-modified=\"120\" data-title=\"Dzie\u0144 Edukacji Narodowej\" data-home=\"https:\/\/liceum-glucholazy.pl\"><\/div>","protected":false},"excerpt":{"rendered":"<p>Wczoraj w naszej szkole odby\u0142a si\u0119 wyj\u0105tkowa uroczysto\u015b\u0107 \u2013 \u015blubowanie uczni\u00f3w klas pierwszych, po\u0142\u0105czone z obchodami Dnia Edukacji Narodowej.<\/p>\n","protected":false},"author":1,"featured_media":47531,"comment_status":"closed","ping_status":"","sticky":false,"template":"","format":"standard","meta":{"footnotes":""},"categories":[18,36],"tags":[],"class_list":["post-47524","post","type-post","status-publish","format-standard","has-post-thumbnail","hentry","category-aktualnosci","category-rocznik-25-26"],"_links":{"self":[{"href":"https:\/\/liceum-glucholazy.pl\/index.php\/wp-json\/wp\/v2\/posts\/47524","targetHints":{"allow":["GET"]}}],"collection":[{"href":"https:\/\/liceum-glucholazy.pl\/index.php\/wp-json\/wp\/v2\/posts"}],"about":[{"href":"https:\/\/liceum-glucholazy.pl\/index.php\/wp-json\/wp\/v2\/types\/post"}],"author":[{"embeddable":true,"href":"https:\/\/liceum-glucholazy.pl\/index.php\/wp-json\/wp\/v2\/users\/1"}],"replies":[{"embeddable":true,"href":"https:\/\/liceum-glucholazy.pl\/index.php\/wp-json\/wp\/v2\/comments?post=47524"}],"version-history":[{"count":2,"href":"https:\/\/liceum-glucholazy.pl\/index.php\/wp-json\/wp\/v2\/posts\/47524\/revisions"}],"predecessor-version":[{"id":47540,"href":"https:\/\/liceum-glucholazy.pl\/index.php\/wp-json\/wp\/v2\/posts\/47524\/revisions\/47540"}],"wp:featuredmedia":[{"embeddable":true,"href":"https:\/\/liceum-glucholazy.pl\/index.php\/wp-json\/wp\/v2\/media\/47531"}],"wp:attachment":[{"href":"https:\/\/liceum-glucholazy.pl\/index.php\/wp-json\/wp\/v2\/media?parent=47524"}],"wp:term":[{"taxonomy":"category","embeddable":true,"href":"https:\/\/liceum-glucholazy.pl\/index.php\/wp-json\/wp\/v2\/categories?post=47524"},{"taxonomy":"post_tag","embeddable":true,"href":"https:\/\/liceum-glucholazy.pl\/index.php\/wp-json\/wp\/v2\/tags?post=47524"}],"curies":[{"name":"wp","href":"https:\/\/api.w.org\/{rel}","templated":true}]}}