{"id":47541,"date":"2026-03-13T19:07:54","date_gmt":"2026-03-13T18:07:54","guid":{"rendered":"https:\/\/liceum-glucholazy.pl\/?p=47541"},"modified":"2026-03-13T19:07:54","modified_gmt":"2026-03-13T18:07:54","slug":"wielki-test-historyczny","status":"publish","type":"post","link":"https:\/\/liceum-glucholazy.pl\/index.php\/2026\/03\/13\/wielki-test-historyczny\/","title":{"rendered":"Wielki Test Historyczny"},"content":{"rendered":"<p>Drodzy Uczniowie szk\u00f3\u0142 podstawowych, nasi m\u0142odsi Koledzy oraz Nauczyciele historii <span class=\"html-span xexx8yu xyri2b x18d9i69 x1c1uobl x1hl2dhg x16tdsg8 x1vvkbs x3nfvp2 x1j61x8r x1fcty0u xdj266r xat24cr xm2jcoa x1mpyi22 xxymvpz xlup9mm x1kky2od\"><img loading=\"lazy\" decoding=\"async\" class=\"xz74otr x15mokao x1ga7v0g x16uus16 xbiv7yw\" src=\"https:\/\/static.xx.fbcdn.net\/images\/emoji.php\/v9\/t4c\/1\/16\/1f642.png\" alt=\"\ud83d\ude42\" width=\"16\" height=\"16\" \/><\/span> Zapraszamy do udzia\u0142u w Wielkim Te\u015bcie Historycznym oraz warsztatach przygotowuj\u0105cych do Pokazowej Debaty Oksfordzkiej. Obydwa dzia\u0142ania s\u0105 cz\u0119\u015bci\u0105 obchod\u00f3w 1000-lecia koronacji Boles\u0142awa Chrobrego, kt\u00f3re odb\u0119d\u0105 si\u0119 20 listopada.\u00a0<\/p>\n\n\n<!--nextpage-->\n\n\n<p>Drodzy Uczniowie szk\u00f3\u0142 podstawowych, nasi m\u0142odsi Koledzy oraz Nauczyciele historii <span class=\"html-span xexx8yu xyri2b x18d9i69 x1c1uobl x1hl2dhg x16tdsg8 x1vvkbs x3nfvp2 x1j61x8r x1fcty0u xdj266r xat24cr xm2jcoa x1mpyi22 xxymvpz xlup9mm x1kky2od\"><img loading=\"lazy\" decoding=\"async\" class=\"xz74otr x15mokao x1ga7v0g x16uus16 xbiv7yw\" src=\"https:\/\/static.xx.fbcdn.net\/images\/emoji.php\/v9\/t4c\/1\/16\/1f642.png\" alt=\"\ud83d\ude42\" width=\"16\" height=\"16\" \/><\/span> Zapraszamy do udzia\u0142u w Wielkim Te\u015bcie Historycznym oraz warsztatach przygotowuj\u0105cych do Pokazowej Debaty Oksfordzkiej. Obydwa dzia\u0142ania s\u0105 cz\u0119\u015bci\u0105 obchod\u00f3w 1000-lecia koronacji Boles\u0142awa Chrobrego, kt\u00f3re odb\u0119d\u0105 si\u0119 20 listopada. Zg\u0142aszajcie si\u0119, bo poza poszerzaniem swojej wiedzy i zdobywaniem nowych kompetencji i umiej\u0119tno\u015bci macie szans\u0119 na zdobycie cennych nagr\u00f3d. Organizatorem obchod\u00f3w jest Stowarzyszenie na Rzecz Szk\u00f3\u0142 &#8222;Chrobry&#8221; oraz Niepubliczne Liceum Og\u00f3lnokszta\u0142c\u0105ce w G\u0142ucho\u0142azach, wsp\u00f3organizatorem Instytut \u015al\u0105ski i ch\u00f3r Capricolium, a wsp\u00f3\u0142finansuje je Urz\u0105d Marsza\u0142kowski Wojew\u00f3dztwa Opolskiego. Zapraszamy do zg\u0142osze\u0144!<\/p>\n\n\n<figure class=\"wp-block-gallery has-nested-images columns-default is-cropped wp-block-gallery-1 is-layout-flex wp-block-gallery-is-layout-flex\">\n<figure class=\"wp-block-image size-large\"><img loading=\"lazy\" decoding=\"async\" width=\"724\" height=\"1024\" data-id=\"47544\" src=\"https:\/\/liceum-glucholazy.pl\/wp-content\/uploads\/2026\/03\/514252571_1496549798265067_7183313552051426035_n-724x1024.jpg\" alt=\"\" class=\"wp-image-47544\" srcset=\"https:\/\/liceum-glucholazy.pl\/wp-content\/uploads\/2026\/03\/514252571_1496549798265067_7183313552051426035_n-724x1024.jpg 724w, https:\/\/liceum-glucholazy.pl\/wp-content\/uploads\/2026\/03\/514252571_1496549798265067_7183313552051426035_n-212x300.jpg 212w, https:\/\/liceum-glucholazy.pl\/wp-content\/uploads\/2026\/03\/514252571_1496549798265067_7183313552051426035_n-768x1086.jpg 768w, https:\/\/liceum-glucholazy.pl\/wp-content\/uploads\/2026\/03\/514252571_1496549798265067_7183313552051426035_n-1086x1536.jpg 1086w, https:\/\/liceum-glucholazy.pl\/wp-content\/uploads\/2026\/03\/514252571_1496549798265067_7183313552051426035_n.jpg 1448w\" sizes=\"auto, (max-width: 724px) 100vw, 724px\" \/><\/figure>\n\n\n\n<figure class=\"wp-block-image size-large\"><img loading=\"lazy\" decoding=\"async\" width=\"724\" height=\"1024\" data-id=\"47545\" src=\"https:\/\/liceum-glucholazy.pl\/wp-content\/uploads\/2026\/03\/571347699_1496549818265065_8199280252658241158_n-724x1024.jpg\" alt=\"\" class=\"wp-image-47545\" srcset=\"https:\/\/liceum-glucholazy.pl\/wp-content\/uploads\/2026\/03\/571347699_1496549818265065_8199280252658241158_n-724x1024.jpg 724w, https:\/\/liceum-glucholazy.pl\/wp-content\/uploads\/2026\/03\/571347699_1496549818265065_8199280252658241158_n-212x300.jpg 212w, https:\/\/liceum-glucholazy.pl\/wp-content\/uploads\/2026\/03\/571347699_1496549818265065_8199280252658241158_n-768x1086.jpg 768w, https:\/\/liceum-glucholazy.pl\/wp-content\/uploads\/2026\/03\/571347699_1496549818265065_8199280252658241158_n-1086x1536.jpg 1086w, https:\/\/liceum-glucholazy.pl\/wp-content\/uploads\/2026\/03\/571347699_1496549818265065_8199280252658241158_n.jpg 1448w\" sizes=\"auto, (max-width: 724px) 100vw, 724px\" \/><\/figure>\n<\/figure>\n<div class=\"gsp_post_data\" data-post_type=\"post\" data-cat=\"aktualnosci,rocznik-25-26\" data-modified=\"120\" data-title=\"Wielki Test Historyczny\" data-home=\"https:\/\/liceum-glucholazy.pl\"><\/div>","protected":false},"excerpt":{"rendered":"<p>Drodzy Uczniowie szk\u00f3\u0142 podstawowych, nasi m\u0142odsi Koledzy oraz Nauczyciele historii Zapraszamy do udzia\u0142u w Wielkim Te\u015bcie Historycznym oraz warsztatach przygotowuj\u0105cych do Pokazowej Debaty Oksfordzkiej. Obydwa dzia\u0142ania s\u0105 cz\u0119\u015bci\u0105 obchod\u00f3w 1000-lecia &#8230;<\/p>\n","protected":false},"author":1,"featured_media":44109,"comment_status":"closed","ping_status":"","sticky":false,"template":"","format":"standard","meta":{"footnotes":""},"categories":[18,36],"tags":[],"class_list":["post-47541","post","type-post","status-publish","format-standard","has-post-thumbnail","hentry","category-aktualnosci","category-rocznik-25-26"],"_links":{"self":[{"href":"https:\/\/liceum-glucholazy.pl\/index.php\/wp-json\/wp\/v2\/posts\/47541","targetHints":{"allow":["GET"]}}],"collection":[{"href":"https:\/\/liceum-glucholazy.pl\/index.php\/wp-json\/wp\/v2\/posts"}],"about":[{"href":"https:\/\/liceum-glucholazy.pl\/index.php\/wp-json\/wp\/v2\/types\/post"}],"author":[{"embeddable":true,"href":"https:\/\/liceum-glucholazy.pl\/index.php\/wp-json\/wp\/v2\/users\/1"}],"replies":[{"embeddable":true,"href":"https:\/\/liceum-glucholazy.pl\/index.php\/wp-json\/wp\/v2\/comments?post=47541"}],"version-history":[{"count":1,"href":"https:\/\/liceum-glucholazy.pl\/index.php\/wp-json\/wp\/v2\/posts\/47541\/revisions"}],"predecessor-version":[{"id":47546,"href":"https:\/\/liceum-glucholazy.pl\/index.php\/wp-json\/wp\/v2\/posts\/47541\/revisions\/47546"}],"wp:featuredmedia":[{"embeddable":true,"href":"https:\/\/liceum-glucholazy.pl\/index.php\/wp-json\/wp\/v2\/media\/44109"}],"wp:attachment":[{"href":"https:\/\/liceum-glucholazy.pl\/index.php\/wp-json\/wp\/v2\/media?parent=47541"}],"wp:term":[{"taxonomy":"category","embeddable":true,"href":"https:\/\/liceum-glucholazy.pl\/index.php\/wp-json\/wp\/v2\/categories?post=47541"},{"taxonomy":"post_tag","embeddable":true,"href":"https:\/\/liceum-glucholazy.pl\/index.php\/wp-json\/wp\/v2\/tags?post=47541"}],"curies":[{"name":"wp","href":"https:\/\/api.w.org\/{rel}","templated":true}]}}